{"id":1083,"date":"2023-10-04T17:47:34","date_gmt":"2023-10-04T15:47:34","guid":{"rendered":"https:\/\/kralovskedobroty.cz\/blog\/?p=1083"},"modified":"2023-10-04T17:56:11","modified_gmt":"2023-10-04T15:56:11","slug":"s-povidlonem-oslnila-porotu-mlsu","status":"publish","type":"post","link":"https:\/\/kralovskedobroty.cz\/blog\/s-povidlonem-oslnila-porotu-mlsu\/","title":{"rendered":"S povidlo\u0148em oslnila porotu Mlsu"},"content":{"rendered":"<p><span style=\"font-weight: 400;\">Cukr\u00e1\u0159ka Reg\u00edna Gauglitz z Chrudimi se dala na dr\u00e1hu modern\u00ed cukra\u0159iny. <strong>Povidlo\u0148<\/strong> pat\u0159\u00ed k nej\u017e\u00e1dan\u011bj\u0161\u00edm.<\/span><\/p>\n<p><span style=\"font-weight: 400;\">Reg\u00edna Gauglitz sedm\u00fdm rokem v Chrudimi provozuje vlastn\u00ed cukr\u00e1rnu Kr\u00e1lovsk\u00e9 dobroty s vyhl\u00e1\u0161en\u00fdmi laskominami. Kdy\u017e jej\u00ed pravideln\u00ed z\u00e1kazn\u00edci naraz\u00ed v obchod\u011b na pr\u00e1zdnou vitr\u00ednu, kde b\u00fdv\u00e1 staro\u010desk\u00fd povidlo\u0148, je to hotov\u00e9 ne\u0161t\u011bst\u00ed. Nej\u017e\u00e1dan\u011bj\u0161\u00edmu a nejprod\u00e1van\u011bj\u0161\u00edmu dezertu v zab\u011bhl\u00e9 cukr\u00e1rn\u011b \u0159\u00edkaj\u00ed <strong>nebe v hub\u011b<\/strong>. D\u0159\u00edve b\u011b\u017en\u00e1 pochoutka zejm\u00e9na na \u0160umav\u011b letos zabodovala u odborn\u00e9 poroty potravin\u00e1\u0159sk\u00e9 <strong>sout\u011b\u017ee Mls Pardubick\u00e9ho kraje<\/strong>.<\/span><\/p>\n<p><span style=\"font-weight: 400;\">\u201c<em>Jsem nad\u0161en\u00e1. Je to pro m\u011b tro\u0161ku satisfakce za minul\u00fd rok, kdy jsem m\u011bla povidlo\u0148 v sout\u011b\u017ei p\u0159ihl\u00e1\u0161en\u00fd. \u0158\u00edkali jsme si, \u017ee povidlo\u0148 bude ten nejlep\u0161\u00ed, jen\u017ee nakonec jsme si cenu odn\u00e1\u0161eli za mandlov\u00fd dort. Ale nedali jsme se a zkusili to znovu, a ono to vy\u0161lo,<\/em>\u201d pod\u011blila se o sv\u00e9 prvotn\u00ed dojmy kr\u00e1tce po vyhl\u00e1\u0161en\u00ed v\u00fdsledk\u016f cukr\u00e1\u0159ka Reg\u00edna Gauglitz.<\/span><\/p>\n<p><span style=\"font-weight: 400;\">Speci\u00e1ln\u00ed t\u0159en\u00e9 placky promazan\u00e9 povidly a s u\u0161lehanou neslazenou smetanou posypan\u00e9 sko\u0159ic\u00ed mus\u00ed b\u00fdt jeden a\u017e dva dny ule\u017eel\u00e9 a pak je to podle jej\u00ed tv\u016frkyn\u011b chu\u0165ov\u011b to prav\u00e9. \u201c<em>Kdy\u017e jsem dezert p\u0159ed lety poprv\u00e9 ochutnala, \u0159ekla jsem si, \u017ee by mohl zabodovat i u n\u00e1s. Pe\u010deme ho v\u0161ak trochu jinak. Recepturu jsme vylep\u0161ili a m\u00edsto odpalovan\u00e9ho t\u011bsta d\u011bl\u00e1me tyhle k\u0159ehk\u00e9 placky,<\/em>\u201d st\u0159e\u017e\u00ed cukr\u00e1\u0159ka pe\u010dliv\u011b v\u00fdrobn\u00ed tajemstv\u00ed. \u201c<em>Mus\u00ed b\u00fdt d\u011blan\u00e9 s l\u00e1skou. To je ta tajn\u00e1 ingredience,<\/em>\u201d pousm\u00e1la se na krajsk\u00fdch do\u017e\u00ednk\u00e1ch jej\u00ed kolegyn\u011b ve st\u00e1nku s dobrotami.<\/span><\/p>\n<p><span style=\"font-weight: 400;\"><img loading=\"lazy\" decoding=\"async\" class=\"size-full wp-image-1088 alignright\" src=\"http:\/\/kralovskedobroty.cz\/blog\/wp-content\/uploads\/2023\/10\/Mls.jpg\" alt=\"Povidlo\u0148\" width=\"400\" height=\"520\" srcset=\"https:\/\/kralovskedobroty.cz\/blog\/wp-content\/uploads\/2023\/10\/Mls.jpg 400w, https:\/\/kralovskedobroty.cz\/blog\/wp-content\/uploads\/2023\/10\/Mls-231x300.jpg 231w, https:\/\/kralovskedobroty.cz\/blog\/wp-content\/uploads\/2023\/10\/Mls-18x24.jpg 18w, https:\/\/kralovskedobroty.cz\/blog\/wp-content\/uploads\/2023\/10\/Mls-28x36.jpg 28w, https:\/\/kralovskedobroty.cz\/blog\/wp-content\/uploads\/2023\/10\/Mls-37x48.jpg 37w\" sizes=\"auto, (max-width: 400px) 100vw, 400px\" \/>Reg\u00edna Gauglitz jako prvn\u00ed ve v\u00fdchodn\u00edch \u010cech\u00e1ch za\u010dala s v\u00fdrobou tzv. low carbov\u00fdch dezert\u016f s minimem sacharid\u016f, kter\u00e9 jsou vhodn\u00e9 pro ty, kte\u0159\u00ed maj\u00ed bezlepkovou dietu \u010di diabetes\u2026 &#8222;<em>Dezerty jsou doslazovan\u00e9 xylitolem neboli b\u0159ezov\u00fdm cukrem, kter\u00fd m\u00e1 n\u00edzk\u00fd glykemick\u00fd index. Lidi jsou p\u0159ekvapen\u00ed, \u017ee v\u016fbec n\u011bco bez mouky a bez cukru m\u016f\u017ee takhle fantasticky chutnat,<\/em>&#8220; dod\u00e1v\u00e1 cukr\u00e1\u0159ka.<\/span><\/p>\n<p><span style=\"font-weight: 400;\">K cukra\u0159in\u011b p\u0159i\u0161la vlastn\u011b n\u00e1hodou. Z\u00e1klady j\u00ed samoz\u0159ejm\u011b dala jej\u00ed maminka, kter\u00e1 byla velice \u0161ikovn\u00e1 kucha\u0159ka a cukr\u00e1\u0159ka. Nikdy se t\u00edm ne\u017eivila, ale v\u017edycky n\u00e1m dob\u0159e va\u0159ila a pekla. &#8222;<em>J\u00e1 jsem za\u010dala jako pern\u00edk\u00e1\u0159ka. Na st\u0159edn\u00ed \u0161kole jsem p\u0159i\u0161la z n\u011bjak\u00e9ho nedobrovoln\u00e9ho krou\u017eku o pe\u010den\u00ed pern\u00edk\u016f, ale nakonec jsem v n\u011bm na\u0161la zal\u00edben\u00ed. Dvacet let jsem je pekla ka\u017ed\u00e9 V\u00e1noce,<\/em>&#8220; \u0159ekla Gauglitz. N\u00e1ro\u010dn\u00e1 pr\u00e1ce mana\u017eerky j\u00ed toho o mnoho v\u00edc nedovolila. Chu\u0165 a energie va\u0159it nebo vym\u00fd\u0161let nov\u00e9 recepty se t\u011b\u017eko hledala.<\/span><\/p>\n<p><span style=\"font-weight: 400;\">A\u017e po druh\u00e9 rodi\u010dovsk\u00e9 dovolen\u00e9 se za\u010dala zab\u00fdvat kvalitn\u00edmu surovinami do pokrm\u016f, kter\u00e9 ve sv\u00e9m okol\u00ed nenach\u00e1zela.<\/span><\/p>\n<p><span style=\"font-weight: 400;\">\u201c<em>Dalo m\u011b dost pr\u00e1ce suroviny sh\u00e1n\u011bt. M\u011bla jsem chu\u0165 vyzkou\u0161et dom\u00e1c\u00ed s\u00fdry nebo jsem se pustila do v\u00fdroby kv\u00e1skov\u00e9ho chleba, ale snaha dostat se k potravin\u00e1m, ze kter\u00fdch budu schopn\u00e1 uva\u0159it kvalitn\u00ed dom\u00e1c\u00ed produkt, mi dala neuv\u011b\u0159iteln\u011b zabrat. Zp\u011btn\u00e1 vazba okol\u00ed m\u011b motivovala k dal\u0161\u00ed pr\u00e1ci &#8211; k dom\u00e1c\u00edmu pe\u010divu, dort\u016fm a dal\u0161\u00edm sladk\u00fdm dobrot\u00e1m,<\/em>\u201d uv\u00e1d\u00ed Reg\u00edna Gauglitz, kter\u00e1 spolu s cukr\u00e1rnou v Chrudimi provozuje farm\u00e1\u0159sk\u00fd obchod.<\/span><\/p>\n<p>&nbsp;<\/p>\n","protected":false},"excerpt":{"rendered":"<p>Cukr\u00e1\u0159ka Reg\u00edna Gauglitz z Chrudimi se dala na dr\u00e1hu modern\u00ed cukra\u0159iny. Povidlo\u0148 pat\u0159\u00ed k nej\u017e\u00e1dan\u011bj\u0161\u00edm. Reg\u00edna Gauglitz sedm\u00fdm rokem v [&hellip;]<\/p>\n","protected":false},"author":2,"featured_media":1084,"comment_status":"closed","ping_status":"closed","sticky":false,"template":"","format":"standard","meta":{"footnotes":""},"categories":[80],"tags":[89,90,88],"class_list":["post-1083","post","type-post","status-publish","format-standard","has-post-thumbnail","hentry","category-kralovske-dobroty","tag-dezert","tag-mls-pardubickeho-kraje","tag-povidlon","post-thumbnail-displayed"],"_links":{"self":[{"href":"https:\/\/kralovskedobroty.cz\/blog\/wp-json\/wp\/v2\/posts\/1083","targetHints":{"allow":["GET"]}}],"collection":[{"href":"https:\/\/kralovskedobroty.cz\/blog\/wp-json\/wp\/v2\/posts"}],"about":[{"href":"https:\/\/kralovskedobroty.cz\/blog\/wp-json\/wp\/v2\/types\/post"}],"author":[{"embeddable":true,"href":"https:\/\/kralovskedobroty.cz\/blog\/wp-json\/wp\/v2\/users\/2"}],"replies":[{"embeddable":true,"href":"https:\/\/kralovskedobroty.cz\/blog\/wp-json\/wp\/v2\/comments?post=1083"}],"version-history":[{"count":4,"href":"https:\/\/kralovskedobroty.cz\/blog\/wp-json\/wp\/v2\/posts\/1083\/revisions"}],"predecessor-version":[{"id":1089,"href":"https:\/\/kralovskedobroty.cz\/blog\/wp-json\/wp\/v2\/posts\/1083\/revisions\/1089"}],"wp:featuredmedia":[{"embeddable":true,"href":"https:\/\/kralovskedobroty.cz\/blog\/wp-json\/wp\/v2\/media\/1084"}],"wp:attachment":[{"href":"https:\/\/kralovskedobroty.cz\/blog\/wp-json\/wp\/v2\/media?parent=1083"}],"wp:term":[{"taxonomy":"category","embeddable":true,"href":"https:\/\/kralovskedobroty.cz\/blog\/wp-json\/wp\/v2\/categories?post=1083"},{"taxonomy":"post_tag","embeddable":true,"href":"https:\/\/kralovskedobroty.cz\/blog\/wp-json\/wp\/v2\/tags?post=1083"}],"curies":[{"name":"wp","href":"https:\/\/api.w.org\/{rel}","templated":true}]}}