{"id":1069,"date":"2021-11-25T10:32:25","date_gmt":"2021-11-25T09:32:25","guid":{"rendered":"http:\/\/kralovskedobroty.cz\/blog\/?p=1069"},"modified":"2021-11-25T10:32:25","modified_gmt":"2021-11-25T09:32:25","slug":"klarka","status":"publish","type":"post","link":"https:\/\/kralovskedobroty.cz\/blog\/klarka\/","title":{"rendered":"V\u00fdstava Kl\u00e1rky v\u00a0na\u0161\u00ed kav\u00e1rn\u011b"},"content":{"rendered":"<p>Na\u0161e kovov\u00e1 ze\u010f v prostoru kav\u00e1rny dostala na chvilku jinou, hez\u010d\u00ed tv\u00e1\u0159\u2026<\/p>\n<p>Kl\u00e1ra je na\u0161e v\u011brn\u00e1 z\u00e1kaznice, se kterou jsme ob\u010das zabrousily i na jin\u00e9 t\u00e9ma ne\u017e jsou n\u00e1kupy. M\u011bla jsem tu \u010dest sledovat jej\u00ed za\u010d\u00e1tky ve vznikaj\u00edc\u00ed tvorb\u011b, ru\u010dn\u011b u\u0161it\u00e9 bundy na jej\u00ed mal\u00e9 dcerky, a\u017e jednoho dne p\u0159i\u0161la s plak\u00e1tem na podporu prodeje nov\u011b vznikl\u00e9 knihy \u201cNap\u00e1len\u00fd legu\u00e1n\u201d, kterou celou ilustrovala. A pak m\u011b to napadlo, Kl\u00e1rko, co kdyby sis u m\u011b v obchod\u011b ud\u011blala v\u00fdstavu sv\u00e9 pr\u00e1ce? Slovo dalo slovo a Kl\u00e1rka souhlasila. P\u0159ipravila n\u00e1dhernou st\u011bnu, n\u011bkter\u00e9 v\u00fdtvory bude mo\u017en\u00e9 i odkoupit a j\u00e1 jsem r\u00e1da, \u017ee na po\u010dest p\u00e1t\u00e9ho roku na\u0161\u00ed prodejny n\u00e1m jej\u00ed pr\u00e1ce zdob\u00ed prostory kav\u00e1rny\u2026<\/p>\n<p><img loading=\"lazy\" decoding=\"async\" class=\"alignright wp-image-1073 size-full\" src=\"http:\/\/kralovskedobroty.cz\/blog\/wp-content\/uploads\/2021\/11\/Klara.jpg\" alt=\"Kl\u00e1rka - v\u00fdstava\" width=\"400\" height=\"400\" srcset=\"https:\/\/kralovskedobroty.cz\/blog\/wp-content\/uploads\/2021\/11\/Klara.jpg 400w, https:\/\/kralovskedobroty.cz\/blog\/wp-content\/uploads\/2021\/11\/Klara-300x300.jpg 300w, https:\/\/kralovskedobroty.cz\/blog\/wp-content\/uploads\/2021\/11\/Klara-150x150.jpg 150w, https:\/\/kralovskedobroty.cz\/blog\/wp-content\/uploads\/2021\/11\/Klara-24x24.jpg 24w, https:\/\/kralovskedobroty.cz\/blog\/wp-content\/uploads\/2021\/11\/Klara-36x36.jpg 36w, https:\/\/kralovskedobroty.cz\/blog\/wp-content\/uploads\/2021\/11\/Klara-48x48.jpg 48w\" sizes=\"auto, (max-width: 400px) 100vw, 400px\" \/>Kl\u00e1rce jsem polo\u017eila n\u011bkolik ot\u00e1zek\u00a0a ty si m\u016f\u017eete pro\u010d\u00edst zde:<\/p>\n<p><strong><em>V kr\u00e1tkosti se n\u00e1m p\u0159edstav \u2013 co bys n\u00e1m o sob\u011b \u0159ekla.<\/em><\/strong><\/p>\n<p>V sou\u010dasnosti jsem po\u0159\u00e1d hlavn\u011b M\u00e1ma dvou mal\u00fdch \u201esmrk\u00e1\u010dk\u016f\u201c, ale pomalu se za\u010d\u00edn\u00e1m osamostat\u0148ovat a r\u016f\u017eky za\u010d\u00edn\u00e1 vystrkovat seberealizace.<\/p>\n<p><strong><em>Jak\u00e9 jsou tv\u00e9 z\u00e1jmy?<\/em><\/strong><\/p>\n<p>Od mala to bylo v\u0161echno kolem v\u00fdtvarky a obecn\u011b tvo\u0159en\u00ed v\u0161eho ze v\u0161eho a to p\u0159etrv\u00e1v\u00e1. Za\u010d\u00e1tky byly n\u011bkdy kru\u0161n\u00e9, hlavn\u011b pro okol\u00ed (z\u00fa\u017eit si v\u0161echny kalhoty, proto\u017ee v dev\u00edti letech je prost\u011b \u010dlov\u011bk pot\u0159ebuje m\u00edt na t\u011blo, nebo ka\u017ed\u00fd m\u011bs\u00edc p\u0159estav\u011bt n\u00e1bytek v pokoj\u00ed\u010dku\u2026). M\u016f\u017eu ale \u0159\u00edct, \u017ee jsem m\u011bla dostatek \u010dasu se ze sv\u00fdch chyb pou\u010dit. D\u00edky d\u011btem jsem se tak\u00e9 na\u0161la v kuchyni p\u0159i pe\u010den\u00ed dobrot. A miluju \u010d\u00edst kn\u00ed\u017eky, t\u0159eba cel\u00fd den vkuse, ale kam d\u00e1t d\u011bti?<\/p>\n<p><strong><em>Jak ses dostala k ilustraci knihy?<\/em><\/strong><\/p>\n<p>Byla to takov\u00e1 kr\u00e1sn\u00e1 n\u00e1hoda. V prav\u00fd \u010das jsem pl\u00e1cla, \u017ee bych to r\u00e1da zkusila a ono se to shodou okolnost\u00ed uskute\u010dnilo. Mus\u00edm \u0159\u00edct, \u017ee jsem v tomhle oboru \u00fapln\u00fd za\u010d\u00e1te\u010dn\u00edk.<\/p>\n<p><strong><em>M\u00e1\u0161 r\u00e1da v tvorb\u011b volnou ruku, nebo se c\u00edt\u00ed\u0161 l\u00edp p\u0159i konkr\u00e9tn\u00edm zad\u00e1n\u00ed?<\/em><\/strong><\/p>\n<p>Jak se to vezme. Je pro m\u011b dobr\u00e9 c\u00edtit ur\u010dit\u00e9 hranice a ob\u010das m\u00edt malou n\u00e1pov\u011bdu, ale podle hodn\u011b konkr\u00e9tn\u00edho n\u00e1vodu bych tvo\u0159it necht\u011bla.<\/p>\n<p><strong><em><img loading=\"lazy\" decoding=\"async\" class=\"alignleft wp-image-1074 size-full\" src=\"http:\/\/kralovskedobroty.cz\/blog\/wp-content\/uploads\/2021\/11\/Klara-2.jpg\" alt=\"Kl\u00e1rka - v\u00fdstava\" width=\"400\" height=\"300\" srcset=\"https:\/\/kralovskedobroty.cz\/blog\/wp-content\/uploads\/2021\/11\/Klara-2.jpg 400w, https:\/\/kralovskedobroty.cz\/blog\/wp-content\/uploads\/2021\/11\/Klara-2-300x225.jpg 300w, https:\/\/kralovskedobroty.cz\/blog\/wp-content\/uploads\/2021\/11\/Klara-2-24x18.jpg 24w, https:\/\/kralovskedobroty.cz\/blog\/wp-content\/uploads\/2021\/11\/Klara-2-36x27.jpg 36w, https:\/\/kralovskedobroty.cz\/blog\/wp-content\/uploads\/2021\/11\/Klara-2-48x36.jpg 48w\" sizes=\"auto, (max-width: 400px) 100vw, 400px\" \/>Ilustrace knihy je za tebou, te\u010f se \u010dek\u00e1 na jej\u00ed tisk, co bude d\u00e1l? M\u00e1\u0161 u\u017e vymy\u0161len\u00e9, co bude\u0161 d\u011blat?<\/em><\/strong><\/p>\n<p>P\u0159ed knihou jsem nic vymy\u0161len\u00e9 nem\u011bla, ale je to proces a co bude d\u00e1l p\u0159ich\u00e1z\u00ed postupn\u011b samo. M\u00e1m \u0161t\u011bst\u00ed, \u017ee jsou kolem m\u011b lid\u00e9, kte\u0159\u00ed m\u011b v prav\u00fd \u010das dok\u00e1\u017eou po\u0161\u0165ouchnout. T\u00edmto ti Regi moc d\u011bkuji, za mo\u017enost a skv\u011bl\u00fd n\u00e1pad vystavit obr\u00e1zky u tebe v obch\u016fdku.<\/p>\n<p>P\u0159ed mate\u0159skou jsem pracovala jako u\u010ditelka ve \u0161kolce, mo\u017en\u00e1 se k tomu jednou vr\u00e1t\u00edm. Te\u010f bych ale r\u00e1da pokra\u010dovala na vln\u011b tvorby. \u0160it\u00ed d\u011btsk\u00fdch \u0161at\u016f, l\u00e1tkov\u00e9 hra\u010dky, obr\u00e1zky, plak\u00e1ty, snad dal\u0161\u00ed kniha\u2026no, co ti budu pov\u00eddat.<\/p>\n<p><strong><em>Jsi maminkou dvou d\u011bt\u00ed. N\u011bkdy skloubit osobn\u00ed \u017eivot a pr\u00e1ci nen\u00ed jednoduch\u00e9. Jak se to da\u0159\u00ed tob\u011b?<\/em><\/strong><\/p>\n<p>Nakonec se to poda\u0159ilo a kniha je v\u00a0tisk\u00e1rn\u011b. Je t\u0159eba \u0159\u00edct, \u017ee o skute\u010dnou pr\u00e1ci na osm hodin denn\u011b je\u0161t\u011b ne\u0161lo. To bude teprve v\u00fdzva udr\u017eet si nastavenou maminkovskou la\u0165ku a z\u00e1rove\u0148 pracovat s pln\u00fdm nasazen\u00edm.<\/p>\n<p><strong><em>Co t\u011b p\u0159ivedlo do Kr\u00e1lovsk\u00fdch dobrot?<\/em><\/strong><\/p>\n<p>L\u00e1mu si hlavu, kdy jsem k v\u00e1m zav\u00edtala poprv\u00e9. Opravdu je to u\u017e p\u011bt let? Ur\u010dit\u011b jsem se Srmk\u00e1\u010dkem \u010d.1 obch\u00e1zela okol\u00ed a v\u00e1s ne\u0161lo minout. Ten kr\u00e1sn\u00fd d\u016fm, ve kter\u00e9m s\u00eddl\u00edte, potom ta bo\u017e\u00ed podlaha uvnit\u0159 a v neposledn\u00ed \u0159ad\u011b spousta m\u00fdch chu\u0165ov\u00fdch \u201epoprv\u00e9\u201c, kter\u00e9 jsem d\u00edky v\u00e1m za\u017eila. Jo, a taky jste m\u011b u\u010dily p\u00e9ct makronky.<\/p>\n<p><img loading=\"lazy\" decoding=\"async\" class=\"wp-image-1078 size-full alignright\" src=\"http:\/\/kralovskedobroty.cz\/blog\/wp-content\/uploads\/2021\/11\/Klara-5.jpg\" alt=\"Kl\u00e1rka - v\u00fdstava\" width=\"400\" height=\"533\" srcset=\"https:\/\/kralovskedobroty.cz\/blog\/wp-content\/uploads\/2021\/11\/Klara-5.jpg 400w, https:\/\/kralovskedobroty.cz\/blog\/wp-content\/uploads\/2021\/11\/Klara-5-225x300.jpg 225w, https:\/\/kralovskedobroty.cz\/blog\/wp-content\/uploads\/2021\/11\/Klara-5-18x24.jpg 18w, https:\/\/kralovskedobroty.cz\/blog\/wp-content\/uploads\/2021\/11\/Klara-5-27x36.jpg 27w, https:\/\/kralovskedobroty.cz\/blog\/wp-content\/uploads\/2021\/11\/Klara-5-36x48.jpg 36w\" sizes=\"auto, (max-width: 400px) 100vw, 400px\" \/>Prost\u011b l\u00e1ska na prvn\u00ed pohled!<\/p>\n<p><strong><em>V\u00fdstava tv\u00e9 pr\u00e1ce je ku p\u0159\u00edle\u017eitosti oslav 5 let od zalo\u017een\u00ed Kr\u00e1lovsk\u00fdch dobrot. Co bys jim cht\u011bla pop\u0159\u00e1t?<\/em><\/strong><\/p>\n<p>V\u0161echno nejlep\u0161\u00ed! Podle m\u011b to znamen\u00e1 hlavn\u011b spokojen\u00fd pracovn\u00ed t\u00fdm a spokojen\u00e9 z\u00e1kazn\u00edky, spoustu spokojen\u00fdch z\u00e1kazn\u00edk\u016f. A taky a\u0165 tu jste s n\u00e1mi je\u0161t\u011b hodn\u011b, hodn\u011b dlouho, prost\u011b co nejd\u00e9le.<\/p>\n<p><strong><em>Pokud by m\u011bl z\u00e1kazn\u00edk z\u00e1jem o tv\u00e1 d\u00edla, maluje\u0161 i na zak\u00e1zku?<\/em><\/strong><\/p>\n<p>Je to v\u00fdvoj, kter\u00e9mu se ur\u010dit\u011b nebr\u00e1n\u00edm. Takov\u00fd z\u00e1jem by mi ud\u011blal velikou radost.<\/p>\n<p><strong><em>Prozra\u010f n\u00e1m sv\u016fj sen \u2013 v tvorb\u011b \u2013 kdybys mohla, co by to bylo?<\/em><\/strong><\/p>\n<p>M\u016fj sen se pr\u00e1v\u011b pln\u00ed \u2013 ilustrovala jsem d\u011btskou knihu \u2013 jup\u00ed! Tak snad jen, aby to nebyl v\u0161echno jen sen \ud83d\ude0a<\/p>\n<p>&nbsp;<\/p>\n<p style=\"text-align: center;\"><img loading=\"lazy\" decoding=\"async\" class=\"alignnone size-full wp-image-1075\" src=\"http:\/\/kralovskedobroty.cz\/blog\/wp-content\/uploads\/2021\/11\/Klara-3.jpg\" alt=\"Kl\u00e1rka - v\u00fdstava\" width=\"581\" height=\"850\" srcset=\"https:\/\/kralovskedobroty.cz\/blog\/wp-content\/uploads\/2021\/11\/Klara-3.jpg 581w, https:\/\/kralovskedobroty.cz\/blog\/wp-content\/uploads\/2021\/11\/Klara-3-205x300.jpg 205w, https:\/\/kralovskedobroty.cz\/blog\/wp-content\/uploads\/2021\/11\/Klara-3-16x24.jpg 16w, https:\/\/kralovskedobroty.cz\/blog\/wp-content\/uploads\/2021\/11\/Klara-3-25x36.jpg 25w, https:\/\/kralovskedobroty.cz\/blog\/wp-content\/uploads\/2021\/11\/Klara-3-33x48.jpg 33w\" sizes=\"auto, (max-width: 581px) 100vw, 581px\" \/><\/p>\n<p>&nbsp;<\/p>\n","protected":false},"excerpt":{"rendered":"<p>Na\u0161e kovov\u00e1 ze\u010f v prostoru kav\u00e1rny dostala na chvilku jinou, hez\u010d\u00ed tv\u00e1\u0159\u2026 Kl\u00e1ra je na\u0161e v\u011brn\u00e1 z\u00e1kaznice, se kterou jsme [&hellip;]<\/p>\n","protected":false},"author":2,"featured_media":1076,"comment_status":"closed","ping_status":"closed","sticky":false,"template":"","format":"standard","meta":{"footnotes":""},"categories":[80],"tags":[84,85,87,86,83],"class_list":["post-1069","post","type-post","status-publish","format-standard","has-post-thumbnail","hentry","category-kralovske-dobroty","tag-ilustrace","tag-knihy","tag-malovani","tag-obrazky","tag-vystava","post-thumbnail-displayed"],"_links":{"self":[{"href":"https:\/\/kralovskedobroty.cz\/blog\/wp-json\/wp\/v2\/posts\/1069","targetHints":{"allow":["GET"]}}],"collection":[{"href":"https:\/\/kralovskedobroty.cz\/blog\/wp-json\/wp\/v2\/posts"}],"about":[{"href":"https:\/\/kralovskedobroty.cz\/blog\/wp-json\/wp\/v2\/types\/post"}],"author":[{"embeddable":true,"href":"https:\/\/kralovskedobroty.cz\/blog\/wp-json\/wp\/v2\/users\/2"}],"replies":[{"embeddable":true,"href":"https:\/\/kralovskedobroty.cz\/blog\/wp-json\/wp\/v2\/comments?post=1069"}],"version-history":[{"count":4,"href":"https:\/\/kralovskedobroty.cz\/blog\/wp-json\/wp\/v2\/posts\/1069\/revisions"}],"predecessor-version":[{"id":1079,"href":"https:\/\/kralovskedobroty.cz\/blog\/wp-json\/wp\/v2\/posts\/1069\/revisions\/1079"}],"wp:featuredmedia":[{"embeddable":true,"href":"https:\/\/kralovskedobroty.cz\/blog\/wp-json\/wp\/v2\/media\/1076"}],"wp:attachment":[{"href":"https:\/\/kralovskedobroty.cz\/blog\/wp-json\/wp\/v2\/media?parent=1069"}],"wp:term":[{"taxonomy":"category","embeddable":true,"href":"https:\/\/kralovskedobroty.cz\/blog\/wp-json\/wp\/v2\/categories?post=1069"},{"taxonomy":"post_tag","embeddable":true,"href":"https:\/\/kralovskedobroty.cz\/blog\/wp-json\/wp\/v2\/tags?post=1069"}],"curies":[{"name":"wp","href":"https:\/\/api.w.org\/{rel}","templated":true}]}}